[{"@context":"https:\/\/schema.org\/","@type":"Article","@id":"https:\/\/www.wasy.cz\/travi-deti-az-prilis-casu-ve-skole\/#Article","mainEntityOfPage":"https:\/\/www.wasy.cz\/travi-deti-az-prilis-casu-ve-skole\/","headline":"Tr\u00e1v\u00ed d\u011bti a\u017e p\u0159\u00edli\u0161 \u010dasu ve \u0161kole?","name":"Tr\u00e1v\u00ed d\u011bti a\u017e p\u0159\u00edli\u0161 \u010dasu ve \u0161kole?","description":"&Aring;&frac12;&Atilde;&iexcl;dn&Atilde;&copy; d&Atilde;&shy;t&Auml;&#8250; nechod&Atilde;&shy; r&Atilde;&iexcl;do do &Aring;&iexcl;koly, na tom se nejsp&Atilde;&shy;&Aring;&iexcl;e shodneme v&Aring;&iexcl;ichni. Dnes v&Aring;&iexcl;ak ji&Aring;&frac34; i mnoz&Atilde;&shy; rodi&Auml;e nam&Atilde;&shy;taj&Atilde;&shy;, &Aring;&frac34;e zde jejich ratolesti tr&Atilde;&iexcl;v&Atilde;&shy; a&Aring;&frac34; p&Aring;&#8482;&Atilde;&shy;li&Aring;&iexcl; mnoho &Auml;asu. Je ale hodinov&Atilde;&iexcl; dotace skute&Auml;n&Auml;&#8250; nep&Aring;&#8482;im&Auml;&#8250;&Aring;&#8482;en&Atilde;&iexcl;? Dobr&Atilde;&copy; je se tak&Atilde;&copy; pod&Atilde;&shy;vat, jak jsme na tom v&Acirc;&nbsp;porovn&Atilde;&iexcl;n&Atilde;&shy; s&Acirc;&nbsp;n&Auml;&#8250;kter&Atilde;&frac12;mi jin&Atilde;&frac12;mi st&Atilde;&iexcl;ty. &Acirc;&nbsp; &Acirc;&nbsp; Je pravdou, &Aring;&frac34;e na prvn&Atilde;&shy; pohled [&hellip;]","datePublished":"2023-09-09","dateModified":"2024-02-09","author":{"@type":"Person","@id":"https:\/\/www.wasy.cz\/author\/#Person","name":"","url":"https:\/\/www.wasy.cz\/author\/","identifier":1,"image":{"@type":"ImageObject","@id":"https:\/\/secure.gravatar.com\/avatar\/aa13f0f1a5b61a2deba1492ce3bb4afe8e77d91eeb44c23db0ee08765a93abad?s=96&d=mm&r=g","url":"https:\/\/secure.gravatar.com\/avatar\/aa13f0f1a5b61a2deba1492ce3bb4afe8e77d91eeb44c23db0ee08765a93abad?s=96&d=mm&r=g","height":96,"width":96}},"publisher":{"@type":"Organization","name":"wasy.cz","logo":{"@type":"ImageObject","@id":"\/logo.png","url":"\/logo.png","width":600,"height":60}},"image":{"@type":"ImageObject","@id":"https:\/\/www.wasy.cz\/wp-content\/uploads\/skola1_10_10_1.jpg","url":"https:\/\/www.wasy.cz\/wp-content\/uploads\/skola1_10_10_1.jpg","height":0,"width":0},"url":"https:\/\/www.wasy.cz\/travi-deti-az-prilis-casu-ve-skole\/","about":["Vzd\u011bl\u00e1n\u00ed"],"wordCount":953,"articleBody":"&Aring;&frac12;&Atilde;&iexcl;dn&Atilde;&copy; d&Atilde;&shy;t&Auml;&#8250; nechod&Atilde;&shy; r&Atilde;&iexcl;do do &Aring;&iexcl;koly, na tom se nejsp&Atilde;&shy;&Aring;&iexcl;e shodneme v&Aring;&iexcl;ichni. Dnes v&Aring;&iexcl;ak ji&Aring;&frac34; i mnoz&Atilde;&shy; rodi&Auml;e nam&Atilde;&shy;taj&Atilde;&shy;, &Aring;&frac34;e zde jejich ratolesti tr&Atilde;&iexcl;v&Atilde;&shy; a&Aring;&frac34; p&Aring;&#8482;&Atilde;&shy;li&Aring;&iexcl; mnoho &Auml;asu. Je ale hodinov&Atilde;&iexcl; dotace skute&Auml;n&Auml;&#8250; nep&Aring;&#8482;im&Auml;&#8250;&Aring;&#8482;en&Atilde;&iexcl;? Dobr&Atilde;&copy; je se tak&Atilde;&copy; pod&Atilde;&shy;vat, jak jsme na tom v&Acirc;&nbsp;porovn&Atilde;&iexcl;n&Atilde;&shy; s&Acirc;&nbsp;n&Auml;&#8250;kter&Atilde;&frac12;mi jin&Atilde;&frac12;mi st&Atilde;&iexcl;ty.&Acirc;&nbsp;&Acirc;&nbsp;Je pravdou, &Aring;&frac34;e na prvn&Atilde;&shy; pohled se nemus&Atilde;&shy; zd&Atilde;&iexcl;t z&Atilde;&iexcl;t&Auml;&#8250;&Aring;&frac34; nijak nep&Aring;&#8482;im&Auml;&#8250;&Aring;&#8482;en&Atilde;&iexcl;. Na prvn&Atilde;&shy;m stupni je obvykle &Aring;&iexcl;kola do jedn&Atilde;&copy; hodiny, na druh&Atilde;&copy;m stupni do dvou, a to je&Aring;&iexcl;t&Auml;&#8250; pouze jeden &Auml;i dva dny v&Acirc;&nbsp;t&Atilde;&frac12;dnu. To v&Aring;&iexcl;ak znamen&Atilde;&iexcl; 5 &Auml;i 6 hodin, b&Auml;&#8250;hem kter&Atilde;&frac12;ch se d&Auml;&#8250;ti mus&Atilde;&shy; soust&Aring;&#8482;edit, jen s&Acirc;&nbsp;kr&Atilde;&iexcl;tk&Atilde;&frac12;mi p&Auml;&#8250;ti &Auml;i desetiminutov&Atilde;&frac12;mi pauzami. Kdy&Aring;&frac34; se pod&Atilde;&shy;v&Atilde;&iexcl;te nap&Aring;&#8482;&Atilde;&shy;klad na desetilet&Atilde;&copy; d&Atilde;&shy;t&Auml;&#8250;, je jasn&Atilde;&copy;, &Aring;&frac34;e svou pozornost tak dlouho udr&Aring;&frac34;et p&Aring;&#8482;&Atilde;&shy;li&Aring;&iexcl; dob&Aring;&#8482;e nedok&Atilde;&iexcl;&Aring;&frac34;e.&Acirc;&nbsp;To v&Aring;&iexcl;ak nen&Atilde;&shy; v&Aring;&iexcl;e. Mnoho d&Auml;&#8250;t&Atilde;&shy; m&Atilde;&iexcl; po &Aring;&iexcl;kole je&Aring;&iexcl;t&Auml;&#8250; krou&Aring;&frac34;ky, p&Aring;&#8482;&Atilde;&shy;padn&Auml;&#8250; v&Acirc;&nbsp;pozd&Auml;&#8250;j&Aring;&iexcl;&Atilde;&shy;ch ro&Auml;n&Atilde;&shy;c&Atilde;&shy;ch dou&Auml;ov&Atilde;&iexcl;n&Atilde;&shy;, tedy dal&Aring;&iexcl;&Atilde;&shy; z&Atilde;&iexcl;t&Auml;&#8250;&Aring;&frac34;, se kterou se mus&Atilde;&shy; vyrovnat. A nezapom&Atilde;&shy;nejme, &Aring;&frac34;e na rozd&Atilde;&shy;l od n&Atilde;&iexcl;s, kte&Aring;&#8482;&Atilde;&shy; m&Aring;&macr;&Aring;&frac34;eme v&Acirc;&nbsp;pr&Atilde;&iexcl;ci alespo&Aring;&#710; na chvilku &acirc;&#8364;&#382;vypnout&acirc;&#8364;&#339;, d&Auml;&#8250;ti se mus&Atilde;&shy; skute&Auml;n&Auml;&#8250; po celou dobu soust&Aring;&#8482;edit na v&Atilde;&frac12;uku.&Acirc;&nbsp;&Acirc;&nbsp;A ani zde je&Aring;&iexcl;t&Auml;&#8250; nekon&Auml;&Atilde;&shy;me &acirc;&#8364;&#8220; po tom v&Aring;&iexcl;em je je&Aring;&iexcl;t&Auml;&#8250; &Auml;ekaj&Atilde;&shy; dom&Atilde;&iexcl;c&Atilde;&shy; &Atilde;&ordm;koly. Ty mohou b&Atilde;&frac12;t n&Atilde;&iexcl;ro&Auml;n&Atilde;&copy;, zvl&Atilde;&iexcl;&Aring;&iexcl;t&Auml;&#8250; pokud d&Atilde;&shy;t&Auml;&#8250; dan&Atilde;&copy;mu p&Aring;&#8482;edm&Auml;&#8250;tu p&Aring;&#8482;&Atilde;&shy;li&Aring;&iexcl; nerozum&Atilde;&shy;. To znamen&Atilde;&iexcl; dal&Aring;&iexcl;&Atilde;&shy; p&Aring;&macr;lhodinu a&Aring;&frac34; hodinu str&Atilde;&iexcl;venou nad u&Auml;en&Atilde;&shy;m. Celkem tak m&Atilde;&iexcl;me v&Atilde;&shy;ce ne&Aring;&frac34; osm hodin, po kter&Atilde;&copy; se d&Atilde;&shy;t&Auml;&#8250; prakticky denn&Auml;&#8250; u&Auml;&Atilde;&shy;. A osm hodin je standardn&Atilde;&shy; pracovn&Atilde;&shy; doba pro dosp&Auml;&#8250;l&Atilde;&copy;ho. Nelze se tedy divit, &Aring;&frac34;e mnoz&Atilde;&shy; &Aring;&frac34;&Atilde;&iexcl;ci povoluj&Atilde;&shy; v&Acirc;&nbsp;pozornosti.&Acirc;&nbsp;Probl&Atilde;&copy;m ov&Aring;&iexcl;em je, kde bychom m&Auml;&#8250;li ubrat. Pokud se na p&Aring;&#8482;edm&Auml;&#8250;ty pod&Atilde;&shy;v&Atilde;&iexcl;me, zjist&Atilde;&shy;me, &Aring;&frac34;e v&Acirc;&nbsp;podstat&Auml;&#8250; v&Aring;&iexcl;echny jsou pot&Aring;&#8482;ebn&Atilde;&copy;. I v&Atilde;&frac12;tvarn&Atilde;&iexcl;, hudebn&Atilde;&shy; &Auml;i t&Auml;&#8250;lesn&Atilde;&iexcl; v&Atilde;&frac12;chova maj&Atilde;&shy; sv&Atilde;&copy; m&Atilde;&shy;sto, nebo&Aring;&yen; p&Aring;&#8482;i nich se d&Auml;&#8250;ti mohou alespo&Aring;&#710; trochu uvolnit.&Acirc;&nbsp;Je v&Aring;&iexcl;ak pravdou, &Aring;&frac34;e na tom nejsme je&Aring;&iexcl;t&Auml;&#8250; a&Aring;&frac34; tak &Aring;&iexcl;patn&Auml;&#8250;, jako nap&Aring;&#8482;&Atilde;&shy;klad Japonsko. Zde d&Auml;&#8250;ti ve &Aring;&iexcl;kole prakticky bydl&Atilde;&shy;, nebo&Aring;&yen; tam tr&Atilde;&iexcl;v&Atilde;&shy; v&Acirc;&nbsp;podstat&Auml;&#8250; cel&Atilde;&frac12; den. To samoz&Aring;&#8482;ejm&Auml;&#8250; souvis&Atilde;&shy; i s&Acirc;&nbsp;kulturou, kter&Atilde;&iexcl; je zde hodn&Auml;&#8250; zam&Auml;&#8250;&Aring;&#8482;ena na v&Atilde;&frac12;kon. Zda je to dob&Aring;&#8482;e &Auml;i &Aring;&iexcl;patn&Auml;&#8250; je na zv&Atilde;&iexcl;&Aring;&frac34;en&Atilde;&shy; ka&Aring;&frac34;d&Atilde;&copy;ho z&Acirc;&nbsp;n&Atilde;&iexcl;s, av&Aring;&iexcl;ak je pot&Aring;&#8482;eba si p&Aring;&#8482;ipomenout, &Aring;&frac34;e Japonsko m&Atilde;&iexcl; nejv&Auml;&#8250;t&Aring;&iexcl;&Atilde;&shy; po&Auml;et sebevra&Aring;&frac34;d student&Aring;&macr; a mlad&Atilde;&frac12;ch lid&Atilde;&shy; na sv&Auml;&#8250;t&Auml;&#8250;.                                                                                                                                                                                                                                                                                                                                                                                                "},{"@context":"https:\/\/schema.org\/","@type":"BreadcrumbList","itemListElement":[{"@type":"ListItem","position":1,"name":"Tr\u00e1v\u00ed d\u011bti a\u017e p\u0159\u00edli\u0161 \u010dasu ve \u0161kole?","item":"https:\/\/www.wasy.cz\/travi-deti-az-prilis-casu-ve-skole\/#breadcrumbitem"}]}]