[{"@context":"https:\/\/schema.org\/","@type":"Article","@id":"https:\/\/www.wasy.cz\/pracujete-i-kdyz-nemusite\/#Article","mainEntityOfPage":"https:\/\/www.wasy.cz\/pracujete-i-kdyz-nemusite\/","headline":"Pracujete, i kdy\u017e nemus\u00edte","name":"Pracujete, i kdy\u017e nemus\u00edte","description":"St\u00e1le chod\u00edte pracovat, i kdy\u017e u\u017e nemus\u00edte? Pracujete r\u00e1di a nebo u\u017e p\u0159em\u00fd\u0161l\u00edte, jestli by nebylo lep\u0161\u00ed v\u00edce odpo\u010d\u00edvat tak, jako to d\u011blaj\u00ed va\u0161i p\u0159\u00e1tel\u00e9, kte\u0159\u00ed jsou ji\u017e v\u00a0penzi? Kdy\u017e do d\u016fchodu, tak hned. Poj\u010fte za sv\u00fdmi p\u0159\u00e1teli, kte\u0159\u00ed si v\u010das zjistili, kdy do d\u016fchodu odej\u00edt a na nic ne\u010dekali. Pro\u010d si zbyte\u010dn\u011b prodlu\u017eovat pracovn\u00ed [&hellip;]","datePublished":"2024-11-24","dateModified":"2024-11-24","author":{"@type":"Person","@id":"https:\/\/www.wasy.cz\/author\/#Person","name":"","url":"https:\/\/www.wasy.cz\/author\/","identifier":1,"image":{"@type":"ImageObject","@id":"https:\/\/secure.gravatar.com\/avatar\/aa13f0f1a5b61a2deba1492ce3bb4afe8e77d91eeb44c23db0ee08765a93abad?s=96&d=mm&r=g","url":"https:\/\/secure.gravatar.com\/avatar\/aa13f0f1a5b61a2deba1492ce3bb4afe8e77d91eeb44c23db0ee08765a93abad?s=96&d=mm&r=g","height":96,"width":96}},"publisher":{"@type":"Organization","name":"wasy.cz","logo":{"@type":"ImageObject","@id":"\/logo.png","url":"\/logo.png","width":600,"height":60}},"url":"https:\/\/www.wasy.cz\/pracujete-i-kdyz-nemusite\/","wordCount":181,"articleBody":"\tSt\u00e1le chod\u00edte pracovat, i kdy\u017e u\u017e nemus\u00edte? Pracujete r\u00e1di a nebo u\u017e p\u0159em\u00fd\u0161l\u00edte, jestli by nebylo lep\u0161\u00ed v\u00edce odpo\u010d\u00edvat tak, jako to d\u011blaj\u00ed va\u0161i p\u0159\u00e1tel\u00e9, kte\u0159\u00ed jsou ji\u017e v\u00a0penzi? Kdy\u017e do d\u016fchodu, tak hned. Poj\u010fte za sv\u00fdmi p\u0159\u00e1teli, kte\u0159\u00ed si v\u010das zjistili, kdy do d\u016fchodu odej\u00edt a na nic ne\u010dekali. Pro\u010d si zbyte\u010dn\u011b prodlu\u017eovat pracovn\u00ed roky, kdy\u017e nemus\u00edte.\tJak moc se t\u011b\u0161\u00edte na odpo\u010d\u00edv\u00e1n\u00edVa\u0161e kon\u00ed\u010dky, kter\u00e9 jste cel\u00fd \u017eivot zanedb\u00e1vali, na v\u00e1s \u010dekaj\u00ed. Budete si moci u\u017e\u00edvat sv\u00e9 obl\u00edben\u00e9 p\u011b\u0161\u00ed turistiky do sytosti. Kone\u010dn\u011b budete m\u00edt dostatek \u010dasu na sv\u00e9 obl\u00edben\u00e9 v\u00fdlety. I rodina si v\u00e1s kone\u010dn\u011b bude moci v\u00edce u\u017e\u00edt. V\u017edy\u0165 va\u0161e d\u011bti tolik pot\u0159ebuj\u00ed, abyste jim pomohli s\u00a0hl\u00edd\u00e1n\u00edm vnou\u010dk\u016f. A vy se tolik t\u011b\u0161\u00edte, \u017ee s\u00a0nimi budete chodit na milovan\u00e9 proch\u00e1zky do les\u016f v\u00a0okol\u00ed.\u00a0                                                                                                                                                                                                                                                                                                                                                                                                "},{"@context":"https:\/\/schema.org\/","@type":"BreadcrumbList","itemListElement":[{"@type":"ListItem","position":1,"name":"Pracujete, i kdy\u017e nemus\u00edte","item":"https:\/\/www.wasy.cz\/pracujete-i-kdyz-nemusite\/#breadcrumbitem"}]}]