[{"@context":"https:\/\/schema.org\/","@type":"Article","@id":"https:\/\/www.wasy.cz\/pevne-sacky\/#Article","mainEntityOfPage":"https:\/\/www.wasy.cz\/pevne-sacky\/","headline":"Pevn\u00e9 s\u00e1\u010dky","name":"Pevn\u00e9 s\u00e1\u010dky","description":"Vzpom\u00edn\u00e1m si na \u0161koln\u00ed l\u00e9ta, kdy jsme chodily s kamar\u00e1dkou do t\u0159\u00eddy a byly jsme tak\u00e9 nejlep\u0161\u00ed kamar\u00e1dky. A tak\u00e9 nikdy nezapomenu na to, jak n\u00e1m maminka v\u017edycky d\u011blala sva\u010dinu do r\u016fzn\u00fdch s\u00e1\u010dk\u016f. Ze za\u010d\u00e1tku na to d\u011blala do plastov\u00e9 krabi\u010dky, ale jakmile jsme o tom postupovali do vy\u0161\u0161\u00edch ro\u010dn\u00edk\u016f ve \u0161kole, tak jsme m\u011bli [&hellip;]","datePublished":"2023-05-29","dateModified":"2023-06-29","author":{"@type":"Person","@id":"https:\/\/www.wasy.cz\/author\/#Person","name":"","url":"https:\/\/www.wasy.cz\/author\/","identifier":1,"image":{"@type":"ImageObject","@id":"https:\/\/secure.gravatar.com\/avatar\/aa13f0f1a5b61a2deba1492ce3bb4afe8e77d91eeb44c23db0ee08765a93abad?s=96&d=mm&r=g","url":"https:\/\/secure.gravatar.com\/avatar\/aa13f0f1a5b61a2deba1492ce3bb4afe8e77d91eeb44c23db0ee08765a93abad?s=96&d=mm&r=g","height":96,"width":96}},"publisher":{"@type":"Organization","name":"wasy.cz","logo":{"@type":"ImageObject","@id":"\/logo.png","url":"\/logo.png","width":600,"height":60}},"image":{"@type":"ImageObject","@id":"https:\/\/www.wasy.cz\/wp-content\/uploads\/seeds-1302793_1280_1.jpg","url":"https:\/\/www.wasy.cz\/wp-content\/uploads\/seeds-1302793_1280_1.jpg","height":0,"width":0},"url":"https:\/\/www.wasy.cz\/pevne-sacky\/","about":["Produkty"],"wordCount":417,"articleBody":"      Vzpom\u00edn\u00e1m si na \u0161koln\u00ed l\u00e9ta, kdy jsme chodily s kamar\u00e1dkou do t\u0159\u00eddy a byly jsme tak\u00e9 nejlep\u0161\u00ed kamar\u00e1dky. A tak\u00e9 nikdy nezapomenu na to, jak n\u00e1m maminka v\u017edycky d\u011blala sva\u010dinu do r\u016fzn\u00fdch s\u00e1\u010dk\u016f. Ze za\u010d\u00e1tku na to d\u011blala do plastov\u00e9 krabi\u010dky, ale jakmile jsme o tom postupovali do vy\u0161\u0161\u00edch ro\u010dn\u00edk\u016f ve \u0161kole, tak jsme m\u011bli tolik u\u010den\u00ed, \u017ee se tam plastov\u00e1 krabi\u010dka neve\u0161la. Ona ta krabi\u010dka na sva\u010dinu m\u011bla skoro deset centimetr\u016f na tlou\u0161\u0165ku, tak\u017ee to byl docela probl\u00e9m. A v\u011b\u0159te mi, \u017ee tohle tahat v batohu se mi opravdu necht\u011blo. Proto\u017ee zbyte\u010dn\u011b to zab\u00edralo objem aktovky, tak\u017ee se moje maminka rozhodla, \u017ee n\u00e1m bude d\u011blat sva\u010dinu do pap\u00edrov\u00fdch s\u00e1\u010dk\u016f. Ze za\u010d\u00e1tku mi to nep\u0159i\u0161lo divn\u00e9. A p\u0159i\u0161lo mi to tak\u00e9 docela praktick\u00e9, proto\u017ee to tak\u00e9 bylo velmi ekologick\u00e9. Jenom\u017ee postupem \u010dasu, kdy\u017e jsem zji\u0161\u0165ovala, \u017ee sva\u010dina v tom dlouho nevydr\u017e\u00ed, tak jsem mamince \u0159ekla, jestli by sva\u010dinu do \u0161koly nemohla balit do n\u011b\u010deho jin\u00e9ho, proto\u017ee kolikr\u00e1t, t\u0159eba kdy\u017e byl chleba s m\u00e1slem, tak se pap\u00edrov\u00fd s\u00e1\u010dek rozpustil a rozpadl a j\u00e1 m\u011bla za\u0161pin\u011bn\u00e9 u\u010debnice. Nakonec maminka za\u010dala balit sva\u010diny do plastov\u00fdch s\u00e1\u010dk\u016f. Samoz\u0159ejm\u011b, \u017ee plastov\u00e9 s\u00e1\u010dky se tak\u00e9 musely d\u00e1t uzav\u00edrat, aby sva\u010dina nevypadla. Jednou maminka zapomn\u011bla zav\u0159\u00edt uzav\u00edrateln\u00fd s\u00e1\u010dek, tak\u017ee nehoda potom byla tak\u00e9 na sv\u011bt\u011b. V\u0161ude jsem m\u011bla rozmazan\u00e9 rohl\u00edky a pomaz\u00e1nku. Pokud i vy byste cht\u011bli praktick\u00e9 a rychle zav\u00edr\u00e1n\u00ed uzav\u00edrateln\u00fdch s\u00e1\u010dk\u016f, tak se pod\u00edvejte na webov\u00e9 str\u00e1nky 2pack.cz, kde najdete r\u016fzn\u00e9 kvalitn\u00ed s\u00e1\u010dky. Jako nap\u0159\u00edklad z zipov\u00e9 s\u00e1\u010dky a nebo zipov\u00e9 s\u00e1\u010dky s d\u00edrou a tak\u00e9 zipov\u00e9 s\u00e1\u010dky s posuvn\u00fdm jezdcem. A m\u011b se tyto s\u00e1\u010dky opravdu l\u00edb\u00ed a p\u0159ijdou mi velice praktick\u00e9, tak\u017ee tyto uzav\u00edrateln\u00e9 s\u00e1\u010dky pou\u017e\u00edv\u00e1m opravdu ka\u017ed\u00fd den. A to nejenom na sva\u010diny pro d\u011bti. A uzav\u00edrateln\u00fd s\u00e1\u010dek na zip koup\u00edte ve v\u00fdhodn\u00fdch balen\u00edch, tak\u017ee tak\u00e9 u\u0161et\u0159\u00edte spoustu pen\u011bz.                                                                                                                                                                                                                                                                                                                                                                                                   "},{"@context":"https:\/\/schema.org\/","@type":"BreadcrumbList","itemListElement":[{"@type":"ListItem","position":1,"name":"Pevn\u00e9 s\u00e1\u010dky","item":"https:\/\/www.wasy.cz\/pevne-sacky\/#breadcrumbitem"}]}]