[{"@context":"https:\/\/schema.org\/","@type":"Article","@id":"https:\/\/www.wasy.cz\/mate-svatebni-seznam\/#Article","mainEntityOfPage":"https:\/\/www.wasy.cz\/mate-svatebni-seznam\/","headline":"M\u00e1te svatebn\u00ed seznam?","name":"M\u00e1te svatebn\u00ed seznam?","description":"Chcete m\u00edt v\u011bt\u0161\u00ed svatbu pro ob\u011b rodiny a n\u011bjak\u00e9 p\u0159\u00e1tele a nebo to vid\u00edte sp\u00ed\u0161e jen na ob\u0159ad s rodi\u010di a sv\u011bdky? Je jen na v\u00e1s jakou cestou se vyd\u00e1te, ale naprost\u00e1 v\u011bt\u0161ina p\u00e1r\u016f tou\u017e\u00ed po svatb\u011b, kterou pro\u017eij\u00ed se v\u0161emi nejbli\u017e\u0161\u00edmi osobami. Byla by \u0161koda nepozvat rodiny obou snoubenc\u016f a p\u0159\u00e1tele, kte\u0159\u00ed s v\u00e1mi [&hellip;]","datePublished":"2023-07-05","dateModified":"2023-07-05","author":{"@type":"Person","@id":"https:\/\/www.wasy.cz\/author\/#Person","name":"","url":"https:\/\/www.wasy.cz\/author\/","identifier":1,"image":{"@type":"ImageObject","@id":"https:\/\/secure.gravatar.com\/avatar\/aa13f0f1a5b61a2deba1492ce3bb4afe8e77d91eeb44c23db0ee08765a93abad?s=96&d=mm&r=g","url":"https:\/\/secure.gravatar.com\/avatar\/aa13f0f1a5b61a2deba1492ce3bb4afe8e77d91eeb44c23db0ee08765a93abad?s=96&d=mm&r=g","height":96,"width":96}},"publisher":{"@type":"Organization","name":"wasy.cz","logo":{"@type":"ImageObject","@id":"\/logo.png","url":"\/logo.png","width":600,"height":60}},"image":{"@type":"ImageObject","@id":"https:\/\/www.wasy.cz\/wp-content\/uploads\/camera-gc8f522a16_640_2.jpg","url":"https:\/\/www.wasy.cz\/wp-content\/uploads\/camera-gc8f522a16_640_2.jpg","height":0,"width":0},"url":"https:\/\/www.wasy.cz\/mate-svatebni-seznam\/","about":["Spole\u010dnosti"],"wordCount":423,"articleBody":"    Chcete m\u00edt v\u011bt\u0161\u00ed svatbu pro ob\u011b rodiny a n\u011bjak\u00e9 p\u0159\u00e1tele a nebo to vid\u00edte sp\u00ed\u0161e jen na ob\u0159ad s rodi\u010di a sv\u011bdky? Je jen na v\u00e1s jakou cestou se vyd\u00e1te, ale naprost\u00e1 v\u011bt\u0161ina p\u00e1r\u016f tou\u017e\u00ed po svatb\u011b, kterou pro\u017eij\u00ed se v\u0161emi nejbli\u017e\u0161\u00edmi osobami. Byla by \u0161koda nepozvat rodiny obou snoubenc\u016f a p\u0159\u00e1tele, kte\u0159\u00ed s v\u00e1mi pro\u017eili \u010d\u00e1st \u017eivota, proto jsou v\u011bt\u0161inou svatby v\u011bt\u0161\u00ed a trvaj\u00ed od dopoledne a\u017e do noci. Jen m\u00e1lokdo asi pl\u00e1nuje \u017ee se bude rozv\u00e1d\u011bt a br\u00e1t s n\u011bk\u00fdm jin\u00fdm, tak\u017ee je to z\u00e1\u017eitek na cel\u00fd \u017eivot. A tomu by svatba m\u011bla odpov\u00eddat. Je mnoho mo\u017enost\u00ed jak m\u016f\u017ee svatba vypadat a ka\u017ed\u00e1 je origin\u00e1ln\u00ed. Svatba se li\u0161\u00ed od svatby v\u00fdb\u011brem svatebn\u00edho m\u00edsta a p\u0159edev\u0161\u00edm dekoracemi.  Jak\u00e9 barvy zvolit? Jednou ze z\u00e1kladn\u00edch ot\u00e1zek, kter\u00e9 si nev\u011bsty pokl\u00e1daj\u00ed, je volba svatebn\u00edch barev. V podstat\u011b se d\u00e1 \u0159\u00edct \u017ee ka\u017ed\u00fd rok je sice v m\u00f3d\u011b jin\u00e1, ale to neznamen\u00e1, \u017ee si nem\u016f\u017ee zvolit i barvy jin\u00e9. Pokud v\u00e1s zaj\u00edm\u00e1 jak budou barvy vypadat na fotk\u00e1ch, proto\u017ee si ur\u010dit\u011b chcete nechat svatbu nafotit, m\u016f\u017eete se za\u010d\u00edt d\u00edvat na fotky na soci\u00e1ln\u00edch s\u00edt\u00edch. Ur\u010dit\u011b m\u011bl svatbu n\u011bkdo z va\u0161eho okol\u00ed, ale m\u016f\u017eete se nechat inspirovat i fotkami ciz\u00edch lid\u00ed. Sami fotografov\u00e9 d\u00e1vaj\u00ed svoje fotky na soci\u00e1ln\u00ed s\u00edt\u011b a nebo na svoje webov\u00e9 str\u00e1nky, aby k nim m\u011bli p\u0159\u00edstup v\u0161ichni z\u00e1jemci o jejich slu\u017eby. D\u00edky tomu nav\u00edc uvid\u00edte jak\u00fdm stylem vybran\u00fd fotograf fot\u00ed.   I svatebn\u00ed fotograf Ostrava m\u00e1 svoje fotky na internetu, tak\u017ee d\u00edky tomu uvid\u00edte, zda je to ten prav\u00fd fotograf pro v\u00e1s. Tip &#8211; ke ka\u017ed\u00e9 barv\u011b se hod\u00ed zlat\u00e9 t\u00f3ny, a rozhodn\u011b s nimi ne\u0161l\u00e1pnete vedle. Pro\u010d si zajistit svatebn\u00edho fotografa? Proto\u017ee v\u00e1m zv\u011b\u010dn\u00ed nejkr\u00e1sn\u011bj\u0161\u00ed momenty va\u0161eho \u017eivota na fotografie, kter\u00e9 si budete prohl\u00ed\u017eet i za des\u00edtky let. Na svatb\u011b by se lid\u00e9 m\u011bli bavit a v\u011bnovat hlavn\u011b \u017eenichovi a nev\u011bst\u011b a proto je ne\u017e\u00e1douc\u00ed, aby svateb\u010dan\u00e9 m\u011bli v ruk\u00e1ch telefony, by\u0165 na focen\u00ed svatby.                                                                                                                                                                                                                                                                                                                                                                                                  "},{"@context":"https:\/\/schema.org\/","@type":"BreadcrumbList","itemListElement":[{"@type":"ListItem","position":1,"name":"M\u00e1te svatebn\u00ed seznam?","item":"https:\/\/www.wasy.cz\/mate-svatebni-seznam\/#breadcrumbitem"}]}]