[{"@context":"https:\/\/schema.org\/","@type":"Article","@id":"https:\/\/www.wasy.cz\/kdy-prestehovat-firmu\/#Article","mainEntityOfPage":"https:\/\/www.wasy.cz\/kdy-prestehovat-firmu\/","headline":"Kdy p\u0159est\u011bhovat firmu","name":"Kdy p\u0159est\u011bhovat firmu","description":"St\u011bhov\u00e1n\u00ed firem v Praze je b\u011b\u017enou sou\u010d\u00e1st\u00ed m\u011bstsk\u00e9ho \u017eivota a pat\u0159\u00ed k n\u011bmu stejn\u011b tak, jako automobilov\u00fd provoz. Jestli\u017ee se majitel\u00e9 firem rozhodnou p\u0159em\u00edstit sv\u00e1 p\u016fsobi\u0161t\u011b do l\u00e9pe vyhovuj\u00edc\u00edch prostor, najmou si profesion\u00e1ly, od nich\u017e o\u010dek\u00e1vaj\u00ed nejen spolupr\u00e1ci, ale zejm\u00e9na spolehliv\u00fd pracovn\u00ed v\u00fdkon. M\u011bli bychom se ale tak\u00e9 zamyslet nad t\u00edm, kdy &#8211; v jak\u00e9m [&hellip;]","datePublished":"2023-06-20","dateModified":"2023-09-21","author":{"@type":"Person","@id":"https:\/\/www.wasy.cz\/author\/#Person","name":"","url":"https:\/\/www.wasy.cz\/author\/","identifier":1,"image":{"@type":"ImageObject","@id":"https:\/\/secure.gravatar.com\/avatar\/aa13f0f1a5b61a2deba1492ce3bb4afe8e77d91eeb44c23db0ee08765a93abad?s=96&d=mm&r=g","url":"https:\/\/secure.gravatar.com\/avatar\/aa13f0f1a5b61a2deba1492ce3bb4afe8e77d91eeb44c23db0ee08765a93abad?s=96&d=mm&r=g","height":96,"width":96}},"publisher":{"@type":"Organization","name":"wasy.cz","logo":{"@type":"ImageObject","@id":"\/logo.png","url":"\/logo.png","width":600,"height":60}},"image":{"@type":"ImageObject","@id":"https:\/\/www.wasy.cz\/wp-content\/uploads\/laptop-3196481_640.jpg","url":"https:\/\/www.wasy.cz\/wp-content\/uploads\/laptop-3196481_640.jpg","height":0,"width":0},"url":"https:\/\/www.wasy.cz\/kdy-prestehovat-firmu\/","about":["Spole\u010dnosti"],"wordCount":397,"articleBody":"      St\u011bhov\u00e1n\u00ed firem v Praze je b\u011b\u017enou sou\u010d\u00e1st\u00ed m\u011bstsk\u00e9ho \u017eivota a pat\u0159\u00ed k n\u011bmu stejn\u011b tak, jako automobilov\u00fd provoz. Jestli\u017ee se majitel\u00e9 firem rozhodnou p\u0159em\u00edstit sv\u00e1 p\u016fsobi\u0161t\u011b do l\u00e9pe vyhovuj\u00edc\u00edch prostor, najmou si profesion\u00e1ly, od nich\u017e o\u010dek\u00e1vaj\u00ed nejen spolupr\u00e1ci, ale zejm\u00e9na spolehliv\u00fd pracovn\u00ed v\u00fdkon. M\u011bli bychom se ale tak\u00e9 zamyslet nad t\u00edm, kdy &#8211; v jak\u00e9m term\u00ednu st\u011bhov\u00e1n\u00ed prov\u00e9st, aby bylo co nejefektivn\u011bj\u0161\u00ed a nedoch\u00e1zelo tu k pot\u00ed\u017e\u00edm, kter\u00e9 zbyte\u010dn\u011b komplikuj\u00ed situaci.\u0158i\u010fte se Kulov\u00fdm bleskem \u2013 tato filmov\u00e1 legenda jasn\u011b nazna\u010dila, \u017ee \u010d\u00edm v\u011bt\u0161\u00ed objem zak\u00e1zky, t\u00edm v\u00edce starost\u00ed a pravd\u011bpodobnosti vzniku problematick\u00fdch situac\u00ed. P\u0159i st\u011bhov\u00e1n\u00ed firem v Praze je to velice podobn\u00e9, ve h\u0159e jsou des\u00edtky zam\u011bstnanc\u016f, kancel\u00e1\u0159e, vybaven\u00ed n\u00e1bytkem, elektrick\u00e9 spot\u0159ebi\u010de, kancel\u00e1\u0159sk\u00e9 pot\u0159eby, pokojov\u00e9 rostliny, \u0161anony a dokumentace a v\u00fdpo\u010detn\u00ed technika. Toto v\u0161e vy\u017eaduje perfektn\u00ed organizaci pr\u00e1ce a mohli bychom tuto operaci s trochou nads\u00e1zky p\u0159irovnat k n\u00e1ro\u010dn\u00e9mu v\u00fdrobn\u00edmu procesu.V Kulov\u00e9m blesku se st\u011bhovali v z\u00e1\u0159\u00ed \u2013 n\u011bkter\u00e9 momenty mohou p\u0159est\u011bhov\u00e1n\u00ed firmy usnadnit a mezi n\u011b pat\u0159\u00ed i v\u00fdb\u011br vhodn\u00e9ho term\u00ednu. Jestli\u017ee se pozorn\u011b zad\u00edv\u00e1te na filmov\u00fd d\u011bj zm\u00edn\u011bn\u00e9ho sn\u00edmku, zjist\u00edte, s jakou lehkost\u00ed se lid\u00e9 pohybovali venku na ulici. Toto je mo\u017en\u00e9 zpravidla na ja\u0159e nebo na podzim, v obdob\u00ed jarn\u00ed \u010di podzimn\u00ed rovnodennosti, kdy jsou ide\u00e1ln\u00ed teploty ovzdu\u0161\u00ed kolem 20 stup\u0148\u016f Celsia \u2013 tedy ani horko, ani zima. V takov\u00e9m obdob\u00ed se budete l\u00e9pe soust\u0159edit na samotn\u00fd pracovn\u00ed v\u00fdkon a nebudete neust\u00e1le \u0159e\u0161it navl\u00e9k\u00e1n\u00ed do zimn\u00edho od\u011bvu a svl\u00e9k\u00e1n\u00ed p\u0159i pohybu venku a uvnit\u0159, a v l\u00e9t\u011b v\u00e1s zas mohou zas\u00e1hnout tropick\u00e1 vedra a mus\u00edte v\u00edce pozornosti v\u011bnovat vzniku \u00fapalu a \u00fa\u017eehu a dehydrataci organismu.Napl\u00e1nujte si tedy term\u00edn st\u011bhov\u00e1n\u00ed nejl\u00e9pe na kv\u011bten, za\u010d\u00e1tek \u010dervna nebo na z\u00e1\u0159\u00ed, tehdy do n\u011bj nebudou ani zasahovat zimn\u00ed pr\u00e1zdniny a obdob\u00ed letn\u00edch dovolen\u00fdch.                                                                                                                                                                                                                                                                                                                                                                                                  "},{"@context":"https:\/\/schema.org\/","@type":"BreadcrumbList","itemListElement":[{"@type":"ListItem","position":1,"name":"Kdy p\u0159est\u011bhovat firmu","item":"https:\/\/www.wasy.cz\/kdy-prestehovat-firmu\/#breadcrumbitem"}]}]